{"id":2290,"date":"2023-02-07T09:56:14","date_gmt":"2023-02-07T08:56:14","guid":{"rendered":"https:\/\/grundschule-am-gut.hamburg.de\/?p=2290"},"modified":"2023-06-13T10:14:18","modified_gmt":"2023-06-13T08:14:18","slug":"ausbildung-zu-energiedetektiven","status":"publish","type":"post","link":"https:\/\/grundschule-am-gut.hamburg.de\/?p=2290","title":{"rendered":"Ausbildung zu Energiedetektiven"},"content":{"rendered":"<p><img loading=\"lazy\" decoding=\"async\" class=\"alignleft wp-image-2183 \" src=\"https:\/\/grundschule-am-gut.hamburg.de\/wp-content\/uploads\/sites\/232\/2023\/03\/Foto-Klimazonen-Energiedetektive-scaled-e1677666782918-229x300.jpg\" alt=\"\" width=\"296\" height=\"388\" srcset=\"https:\/\/grundschule-am-gut.hamburg.de\/wp-content\/uploads\/sites\/232\/2023\/03\/Foto-Klimazonen-Energiedetektive-scaled-e1677666782918-229x300.jpg 229w, https:\/\/grundschule-am-gut.hamburg.de\/wp-content\/uploads\/sites\/232\/2023\/03\/Foto-Klimazonen-Energiedetektive-scaled-e1677666782918-781x1024.jpg 781w, https:\/\/grundschule-am-gut.hamburg.de\/wp-content\/uploads\/sites\/232\/2023\/03\/Foto-Klimazonen-Energiedetektive-scaled-e1677666782918-768x1008.jpg 768w, https:\/\/grundschule-am-gut.hamburg.de\/wp-content\/uploads\/sites\/232\/2023\/03\/Foto-Klimazonen-Energiedetektive-scaled-e1677666782918-1171x1536.jpg 1171w, https:\/\/grundschule-am-gut.hamburg.de\/wp-content\/uploads\/sites\/232\/2023\/03\/Foto-Klimazonen-Energiedetektive-scaled-e1677666782918-1561x2048.jpg 1561w, https:\/\/grundschule-am-gut.hamburg.de\/wp-content\/uploads\/sites\/232\/2023\/03\/Foto-Klimazonen-Energiedetektive-scaled-e1677666782918.jpg 1824w\" sizes=\"auto, (max-width: 296px) 100vw, 296px\" \/>Am 9. und am 10.1.2023 kamen zwei Mitarbeiterinnen der Klimaschutzstiftung Hamburg an unsere Schule und haben die Ausbildung zu den Energiedetektiven durchgef\u00fchrt. Alle Kinder der kleinen Umweltgruppe und zus\u00e4tzlich noch einige Kinder der vierten Klasse vom Hohnerkamp haben daran teilgenommen.<\/p>\n<div>\n<p>Zwei Tage lang haben wir durch Vortr\u00e4ge, Experimente und Spiele vieles gelernt \u00fcber:<br \/>\n1. Basiswissen Klimawandel<br \/>\n2. Temperaturen messen<br \/>\n3. Richtig l\u00fcften<br \/>\n4. Klimaschutzma\u00dfnahmen umsetzen<br \/>\n5. Wetter und Klima<br \/>\n6. Rundgang Schule \u2013 Bestandsaufnahme<br \/>\n7. Heizung<br \/>\n8. Strom<\/p>\n<p>&nbsp;<\/p>\n<p><img loading=\"lazy\" decoding=\"async\" class=\" wp-image-2184 alignleft\" src=\"https:\/\/grundschule-am-gut.hamburg.de\/wp-content\/uploads\/sites\/232\/2023\/03\/Foto-Klimawandel-Enegiedetektive-scaled-e1677666732682-176x300.jpg\" alt=\"\" width=\"299\" height=\"510\" srcset=\"https:\/\/grundschule-am-gut.hamburg.de\/wp-content\/uploads\/sites\/232\/2023\/03\/Foto-Klimawandel-Enegiedetektive-scaled-e1677666732682-176x300.jpg 176w, https:\/\/grundschule-am-gut.hamburg.de\/wp-content\/uploads\/sites\/232\/2023\/03\/Foto-Klimawandel-Enegiedetektive-scaled-e1677666732682-602x1024.jpg 602w, https:\/\/grundschule-am-gut.hamburg.de\/wp-content\/uploads\/sites\/232\/2023\/03\/Foto-Klimawandel-Enegiedetektive-scaled-e1677666732682-768x1307.jpg 768w, https:\/\/grundschule-am-gut.hamburg.de\/wp-content\/uploads\/sites\/232\/2023\/03\/Foto-Klimawandel-Enegiedetektive-scaled-e1677666732682-902x1536.jpg 902w, https:\/\/grundschule-am-gut.hamburg.de\/wp-content\/uploads\/sites\/232\/2023\/03\/Foto-Klimawandel-Enegiedetektive-scaled-e1677666732682-1203x2048.jpg 1203w, https:\/\/grundschule-am-gut.hamburg.de\/wp-content\/uploads\/sites\/232\/2023\/03\/Foto-Klimawandel-Enegiedetektive-scaled-e1677666732682.jpg 1504w\" sizes=\"auto, (max-width: 299px) 100vw, 299px\" \/>Dabei haben wir unsere Schule noch einmal neu erlebt: Mit unserem Hausmeister Herrn Sonberg sind wir in den Heizungskeller gegangen und haben dort auch \u00fcber die neue Versorgung unserer Schule \u00fcber Fernw\u00e4rme gesprochen und uns die neuen Anschl\u00fcsse daf\u00fcr angesehen. Mit Messprotokollen sind wir durch die Klassen gegangen, haben Temperaturen in den R\u00e4umen und in den Fluren gemessen und haben nach \u201eEnergielecks\u201c gesucht. Gibt es vielleicht Heizungen, die durch M\u00f6bel zugestellt sind, brennt vielleicht irgendwo das Licht, obwohl es hell ist? Am Ende dieser zwei Tage haben wir \u00fcberlegt, wie wir in unserer Schule noch mehr Energie sparen und umweltbewusster leben k\u00f6nnen.<\/p>\n<p>&nbsp;<\/p>\n<\/div>\n<p style=\"font-weight: 400\"><img loading=\"lazy\" decoding=\"async\" class=\"size-medium wp-image-2056 alignright\" src=\"https:\/\/grundschule-am-gut.hamburg.de\/wp-content\/uploads\/sites\/232\/2022\/10\/Foto-Energiedienst-300x210.jpg\" alt=\"\" width=\"300\" height=\"210\" srcset=\"https:\/\/grundschule-am-gut.hamburg.de\/wp-content\/uploads\/sites\/232\/2022\/10\/Foto-Energiedienst-300x210.jpg 300w, https:\/\/grundschule-am-gut.hamburg.de\/wp-content\/uploads\/sites\/232\/2022\/10\/Foto-Energiedienst-1024x717.jpg 1024w, https:\/\/grundschule-am-gut.hamburg.de\/wp-content\/uploads\/sites\/232\/2022\/10\/Foto-Energiedienst-768x538.jpg 768w, https:\/\/grundschule-am-gut.hamburg.de\/wp-content\/uploads\/sites\/232\/2022\/10\/Foto-Energiedienst-1536x1076.jpg 1536w, https:\/\/grundschule-am-gut.hamburg.de\/wp-content\/uploads\/sites\/232\/2022\/10\/Foto-Energiedienst-2048x1434.jpg 2048w\" sizes=\"auto, (max-width: 300px) 100vw, 300px\" \/>In der kleinen Umweltgruppe haben wir auch \u00fcber den neuen \u201eEnergiedienst\u201c gesprochen. In jeder Klasse gibt es verschiede Dienste: Austeildienst, Fegedienst, Aufr\u00e4umdienst, Klassensprecher und so weiter \u2013 ab jetzt kommt der \u201eEnergiedienst\u201c dazu.\u00a0Zwei bis drei Kinder jeder Klasse werden diesen Dienst \u00fcbernehmen und darauf achten, dass wir in den Klassen energieschonend und damit auch umweltsch\u00fctzend agieren. Der Energiedienst achtet zum Beispiel darauf, dass die Heizung immer richtig eingestellt ist und keine Heizenergie durch falsches L\u00fcften verschwendet wird. Weitere Aufgaben werden nach und nach folgen.<\/p>\n<p><em>Text und Fotos: M. R\u00f6bke<\/em><\/p>\n<p>&nbsp;<\/p>\n","protected":false},"excerpt":{"rendered":"<p>Am 9. und am 10.1.2023 kamen zwei Mitarbeiterinnen der Klimaschutzstiftung Hamburg an unsere Schule und haben die Ausbildung zu den Energiedetektiven durchgef\u00fchrt. Alle Kinder der kleinen Umweltgruppe und zus\u00e4tzlich noch einige Kinder der vierten&#46;&#46;&#46;<\/p>\n","protected":false},"author":728,"featured_media":2184,"comment_status":"closed","ping_status":"closed","sticky":false,"template":"","format":"standard","meta":{"_acf_changed":false,"footnotes":""},"categories":[26,1],"tags":[],"class_list":["post-2290","post","type-post","status-publish","format-standard","has-post-thumbnail","hentry","category-kleine-umweltgruppe","category-allgemein"],"acf":[],"_links":{"self":[{"href":"https:\/\/grundschule-am-gut.hamburg.de\/index.php?rest_route=\/wp\/v2\/posts\/2290","targetHints":{"allow":["GET"]}}],"collection":[{"href":"https:\/\/grundschule-am-gut.hamburg.de\/index.php?rest_route=\/wp\/v2\/posts"}],"about":[{"href":"https:\/\/grundschule-am-gut.hamburg.de\/index.php?rest_route=\/wp\/v2\/types\/post"}],"author":[{"embeddable":true,"href":"https:\/\/grundschule-am-gut.hamburg.de\/index.php?rest_route=\/wp\/v2\/users\/728"}],"replies":[{"embeddable":true,"href":"https:\/\/grundschule-am-gut.hamburg.de\/index.php?rest_route=%2Fwp%2Fv2%2Fcomments&post=2290"}],"version-history":[{"count":2,"href":"https:\/\/grundschule-am-gut.hamburg.de\/index.php?rest_route=\/wp\/v2\/posts\/2290\/revisions"}],"predecessor-version":[{"id":2292,"href":"https:\/\/grundschule-am-gut.hamburg.de\/index.php?rest_route=\/wp\/v2\/posts\/2290\/revisions\/2292"}],"wp:featuredmedia":[{"embeddable":true,"href":"https:\/\/grundschule-am-gut.hamburg.de\/index.php?rest_route=\/wp\/v2\/media\/2184"}],"wp:attachment":[{"href":"https:\/\/grundschule-am-gut.hamburg.de\/index.php?rest_route=%2Fwp%2Fv2%2Fmedia&parent=2290"}],"wp:term":[{"taxonomy":"category","embeddable":true,"href":"https:\/\/grundschule-am-gut.hamburg.de\/index.php?rest_route=%2Fwp%2Fv2%2Fcategories&post=2290"},{"taxonomy":"post_tag","embeddable":true,"href":"https:\/\/grundschule-am-gut.hamburg.de\/index.php?rest_route=%2Fwp%2Fv2%2Ftags&post=2290"}],"curies":[{"name":"wp","href":"https:\/\/api.w.org\/{rel}","templated":true}]}}